{"id":381,"date":"2020-02-03T15:46:00","date_gmt":"2020-02-03T14:46:00","guid":{"rendered":"https:\/\/www.motoin.de\/magazin\/?p=381"},"modified":"2026-03-05T10:03:07","modified_gmt":"2026-03-05T09:03:07","slug":"airbagsysteme-fuer-motorraeder","status":"publish","type":"post","link":"https:\/\/www.motoin.de\/magazin\/service\/airbagsysteme-fuer-motorraeder\/","title":{"rendered":"Airbagsysteme f\u00fcr Motorr\u00e4der: Mehr Sicherheit im Stra\u00dfenverkehr?"},"content":{"rendered":"<span class=\"span-reading-time rt-reading-time\" style=\"display: block;\"><span class=\"rt-label rt-prefix\">Lesezeit: <\/span> <span class=\"rt-time\"> 4<\/span> <span class=\"rt-label rt-postfix\">Minuten<\/span><\/span>\t\t<div data-elementor-type=\"wp-post\" data-elementor-id=\"381\" class=\"elementor elementor-381\" data-elementor-post-type=\"post\">\n\t\t\t\t<div class=\"elementor-element elementor-element-3abbdc5 e-flex e-con-boxed e-con e-parent\" data-id=\"3abbdc5\" data-element_type=\"container\">\n\t\t\t\t\t<div class=\"e-con-inner\">\n\t\t\t\t<div class=\"elementor-element elementor-element-eeeeffc elementor-toc--minimized-on-tablet elementor-widget elementor-widget-table-of-contents\" data-id=\"eeeeffc\" data-element_type=\"widget\" data-settings=\"{&quot;headings_by_tags&quot;:[&quot;h2&quot;],&quot;exclude_headings_by_selector&quot;:[],&quot;marker_view&quot;:&quot;bullets&quot;,&quot;no_headings_message&quot;:&quot;Es wurden keine \\u00dcberschriften auf dieser Seite gefunden.&quot;,&quot;icon&quot;:{&quot;value&quot;:&quot;fas fa-circle&quot;,&quot;library&quot;:&quot;fa-solid&quot;,&quot;rendered_tag&quot;:&quot;&lt;svg class=\\&quot;e-font-icon-svg e-fas-circle\\&quot; viewBox=\\&quot;0 0 512 512\\&quot; xmlns=\\&quot;http:\\\/\\\/www.w3.org\\\/2000\\\/svg\\&quot;&gt;&lt;path d=\\&quot;M256 8C119 8 8 119 8 256s111 248 248 248 248-111 248-248S393 8 256 8z\\&quot;&gt;&lt;\\\/path&gt;&lt;\\\/svg&gt;&quot;},&quot;minimize_box&quot;:&quot;yes&quot;,&quot;minimized_on&quot;:&quot;tablet&quot;,&quot;hierarchical_view&quot;:&quot;yes&quot;,&quot;min_height&quot;:{&quot;unit&quot;:&quot;px&quot;,&quot;size&quot;:&quot;&quot;,&quot;sizes&quot;:[]},&quot;min_height_tablet&quot;:{&quot;unit&quot;:&quot;px&quot;,&quot;size&quot;:&quot;&quot;,&quot;sizes&quot;:[]},&quot;min_height_mobile&quot;:{&quot;unit&quot;:&quot;px&quot;,&quot;size&quot;:&quot;&quot;,&quot;sizes&quot;:[]}}\" data-widget_type=\"table-of-contents.default\">\n\t\t\t\t<div class=\"elementor-widget-container\">\n\t\t\t\t\t\t\t\t\t<div class=\"elementor-toc__header\">\n\t\t\t\t\t\t<h4 class=\"elementor-toc__header-title\">\n\t\t\t\tInhaltsverzeichnis\t\t\t<\/h4>\n\t\t\t\t\t\t\t\t\t\t<div class=\"elementor-toc__toggle-button elementor-toc__toggle-button--expand\" role=\"button\" tabindex=\"0\" aria-controls=\"elementor-toc__eeeeffc\" aria-expanded=\"true\" aria-label=\"Inhaltsverzeichnis \u00f6ffnen\"><svg aria-hidden=\"true\" class=\"e-font-icon-svg e-fas-chevron-down\" viewBox=\"0 0 448 512\" xmlns=\"http:\/\/www.w3.org\/2000\/svg\"><path d=\"M207.029 381.476L12.686 187.132c-9.373-9.373-9.373-24.569 0-33.941l22.667-22.667c9.357-9.357 24.522-9.375 33.901-.04L224 284.505l154.745-154.021c9.379-9.335 24.544-9.317 33.901.04l22.667 22.667c9.373 9.373 9.373 24.569 0 33.941L240.971 381.476c-9.373 9.372-24.569 9.372-33.942 0z\"><\/path><\/svg><\/div>\n\t\t\t\t<div class=\"elementor-toc__toggle-button elementor-toc__toggle-button--collapse\" role=\"button\" tabindex=\"0\" aria-controls=\"elementor-toc__eeeeffc\" aria-expanded=\"true\" aria-label=\"Inhaltsverzeichnis schlie\u00dfen\"><svg aria-hidden=\"true\" class=\"e-font-icon-svg e-fas-chevron-up\" viewBox=\"0 0 448 512\" xmlns=\"http:\/\/www.w3.org\/2000\/svg\"><path d=\"M240.971 130.524l194.343 194.343c9.373 9.373 9.373 24.569 0 33.941l-22.667 22.667c-9.357 9.357-24.522 9.375-33.901.04L224 227.495 69.255 381.516c-9.379 9.335-24.544 9.317-33.901-.04l-22.667-22.667c-9.373-9.373-9.373-24.569 0-33.941L207.03 130.525c9.372-9.373 24.568-9.373 33.941-.001z\"><\/path><\/svg><\/div>\n\t\t\t\t\t<\/div>\n\t\t\t\t<div id=\"elementor-toc__eeeeffc\" class=\"elementor-toc__body\">\n\t\t\t<div class=\"elementor-toc__spinner-container\">\n\t\t\t\t<svg class=\"elementor-toc__spinner eicon-animation-spin e-font-icon-svg e-eicon-loading\" aria-hidden=\"true\" viewBox=\"0 0 1000 1000\" xmlns=\"http:\/\/www.w3.org\/2000\/svg\"><path d=\"M500 975V858C696 858 858 696 858 500S696 142 500 142 142 304 142 500H25C25 237 238 25 500 25S975 237 975 500 763 975 500 975Z\"><\/path><\/svg>\t\t\t<\/div>\n\t\t<\/div>\n\t\t\t\t\t\t<\/div>\n\t\t\t\t<\/div>\n\t\t\t\t\t<\/div>\n\t\t\t\t<\/div>\n\t\t<div class=\"elementor-element elementor-element-e71c0e6 e-flex e-con-boxed e-con e-parent\" data-id=\"e71c0e6\" data-element_type=\"container\">\n\t\t\t\t\t<div class=\"e-con-inner\">\n\t\t\t\t<div class=\"elementor-element elementor-element-87f154a elementor-widget elementor-widget-text-editor\" data-id=\"87f154a\" data-element_type=\"widget\" data-widget_type=\"text-editor.default\">\n\t\t\t\t<div class=\"elementor-widget-container\">\n\t\t\t\t\t\t\t\t\t<p style=\"margin-right: 0px; margin-bottom: 28px; margin-left: 0px; color: #444444; font-size: 16px;\">Eine Tour auf dem eigenen Bike ist f\u00fcr viele Motorradfreunde eine der gr\u00f6\u00dften Freuden &#8211; Airbagsysteme k\u00f6nnen hier f\u00fcr mehr Sicherheit sorgen. Denn Motorradfahrer unterliegen einer deutlich h\u00f6heren Verletzungsgefahr bei Unf\u00e4llen.<\/p>\n<p style=\"margin-right: 0px; margin-bottom: 28px; margin-left: 0px; color: #444444; font-size: 16px;\">Aus diesem Grund forschen Hersteller von Motorr\u00e4dern und Equipment schon seit Jahren an M\u00f6glichkeiten, die potenziellen Verletzungen nach Unf\u00e4llen zu minimieren. Neben Protektoren sind dabei seit l\u00e4ngerem auch schon <span style=\"text-decoration: underline; color: #333333;\"><a style=\"color: #333333; text-decoration: underline;\" href=\"https:\/\/www.motoin.de\/Bekleidung\/Airbag-Bekleidung:::23_2585.html?language=de&amp;premium=true&amp;refID=163\" target=\"_blank\" rel=\"noopener\">Airbagsysteme<\/a><\/span> im Gespr\u00e4ch. Doch wie funktionieren diese bei Motorr\u00e4dern genau?<\/p>\t\t\t\t\t\t\t\t<\/div>\n\t\t\t\t<\/div>\n\t\t\t\t\t<\/div>\n\t\t\t\t<\/div>\n\t\t<div class=\"elementor-element elementor-element-ab4e2b3 e-flex e-con-boxed e-con e-parent\" data-id=\"ab4e2b3\" data-element_type=\"container\">\n\t\t\t\t\t<div class=\"e-con-inner\">\n\t\t\t\t<div class=\"elementor-element elementor-element-ce86af9 elementor-widget elementor-widget-heading\" data-id=\"ce86af9\" data-element_type=\"widget\" data-widget_type=\"heading.default\">\n\t\t\t\t<div class=\"elementor-widget-container\">\n\t\t\t\t\t<h2 class=\"elementor-heading-title elementor-size-default\">Airbagsysteme f\u00fcr Motorr\u00e4der \u2013 wo liegen die Probleme?<\/h2>\t\t\t\t<\/div>\n\t\t\t\t<\/div>\n\t\t\t\t\t<\/div>\n\t\t\t\t<\/div>\n\t\t<div class=\"elementor-element elementor-element-1956c6f e-flex e-con-boxed e-con e-parent\" data-id=\"1956c6f\" data-element_type=\"container\">\n\t\t\t\t\t<div class=\"e-con-inner\">\n\t\t\t\t<div class=\"elementor-element elementor-element-074f9da elementor-widget elementor-widget-text-editor\" data-id=\"074f9da\" data-element_type=\"widget\" data-widget_type=\"text-editor.default\">\n\t\t\t\t<div class=\"elementor-widget-container\">\n\t\t\t\t\t\t\t\t\t<p style=\"margin-right: 0px; margin-bottom: 28px; margin-left: 0px; color: #444444; font-size: 16px;\">W\u00e4hrend Airbags f\u00fcr Autos schon seit vielen Jahren zum Standard geh\u00f6ren, war dies bei Motorr\u00e4dern lange sehr schwierig. Dies hat verschiedene Gr\u00fcnde:<\/p><ol class=\"wp-block-list\" style=\"list-style-position: inside; margin-right: 0px; margin-bottom: 20px; margin-left: 15px; padding: 0px; color: #444444; font-size: 16px;\"><li style=\"list-style-position: inside; list-style-type: decimal;\"><strong style=\"font-weight: bold;\">Motorradunf\u00e4lle sind sehr individuell<\/strong><\/li><\/ol><p style=\"margin-right: 0px; margin-bottom: 28px; margin-left: 0px; color: #444444; font-size: 16px;\">W\u00e4hrend die Probleme in einem Auto f\u00fcr Sicherheitsexperten relativ klar sind, sieht dies bei Motorr\u00e4dern ganz anders aus. Im Auto soll ein Airbag die Vorw\u00e4rtsbewegung abbremsen, die bei einem Aufprall entsteht. Motorradunf\u00e4lle laufen f\u00fcr den Fahrer selbst jedoch h\u00f6chst unterschiedlich ab.<\/p><p style=\"margin-right: 0px; margin-bottom: 28px; margin-left: 0px; color: #444444; font-size: 16px;\">So kann der Aufprall viel leichter von unterschiedlichen Seiten eintreten und dar\u00fcber hinaus trifft der Fahrer selbst eventuell auf andere Art und Weise auf ein Hindernis, welches f\u00fcr Verletzungen sorgt.<\/p><ul class=\"wp-block-list\" style=\"list-style-position: inside; margin-right: 0px; margin-bottom: 20px; margin-left: 15px; padding: 0px; color: #444444; font-size: 16px;\"><li style=\"list-style-position: inside; list-style-type: square;\"><strong style=\"font-weight: bold;\">Maschine und Fahrer werden oft getrennt<\/strong><\/li><\/ul><p style=\"margin-right: 0px; margin-bottom: 28px; margin-left: 0px; color: #444444; font-size: 16px;\">Der Weg f\u00fcr einen Motorradfahrer f\u00fchrt nach einem Unfall in den meisten F\u00e4llen von der Maschine weg. Entweder prallt er mit hoher Wucht gegen ein Fahrzeug sowie andere Hindernisse, oder wird weggeschleudert und kommt irgendwann auf dem Asphalt oder neben der Fahrbahn auf. Maschinengest\u00fctzte Airbags w\u00e4ren in solchen F\u00e4llen also nicht sonderlich hilfreich.<\/p>\t\t\t\t\t\t\t\t<\/div>\n\t\t\t\t<\/div>\n\t\t\t\t\t<\/div>\n\t\t\t\t<\/div>\n\t\t<div class=\"elementor-element elementor-element-75be078 e-flex e-con-boxed e-con e-parent\" data-id=\"75be078\" data-element_type=\"container\">\n\t\t\t\t\t<div class=\"e-con-inner\">\n\t\t\t\t<div class=\"elementor-element elementor-element-e30a9b6 elementor-widget elementor-widget-image\" data-id=\"e30a9b6\" data-element_type=\"widget\" data-widget_type=\"image.default\">\n\t\t\t\t<div class=\"elementor-widget-container\">\n\t\t\t\t\t\t\t\t\t\t\t\t\t\t\t<img fetchpriority=\"high\" decoding=\"async\" width=\"1280\" height=\"573\" src=\"https:\/\/www.motoin.de\/magazin\/wp-content\/uploads\/2020\/02\/zWo-liegen-die-Vor-und-Nachteile-von-elektronischen-und-mechanischen-Airbags-1280x573.jpg\" class=\"attachment-newsair-slider-full size-newsair-slider-full wp-image-385\" alt=\"Motorrad Airbag \u00a9Revit\" \/>\t\t\t\t\t\t\t\t\t\t\t\t\t\t\t<\/div>\n\t\t\t\t<\/div>\n\t\t\t\t\t<\/div>\n\t\t\t\t<\/div>\n\t\t<div class=\"elementor-element elementor-element-602c118 e-flex e-con-boxed e-con e-parent\" data-id=\"602c118\" data-element_type=\"container\">\n\t\t\t\t\t<div class=\"e-con-inner\">\n\t\t\t\t<div class=\"elementor-element elementor-element-481ac8b elementor-widget elementor-widget-heading\" data-id=\"481ac8b\" data-element_type=\"widget\" data-widget_type=\"heading.default\">\n\t\t\t\t<div class=\"elementor-widget-container\">\n\t\t\t\t\t<h2 class=\"elementor-heading-title elementor-size-default\">Welche Airbag-L\u00f6sungen gibt es im Bekleidungs-Bereich?<\/h2>\t\t\t\t<\/div>\n\t\t\t\t<\/div>\n\t\t\t\t\t<\/div>\n\t\t\t\t<\/div>\n\t\t<div class=\"elementor-element elementor-element-18002a6 e-flex e-con-boxed e-con e-parent\" data-id=\"18002a6\" data-element_type=\"container\">\n\t\t\t\t\t<div class=\"e-con-inner\">\n\t\t\t\t<div class=\"elementor-element elementor-element-4d494e3 elementor-widget elementor-widget-text-editor\" data-id=\"4d494e3\" data-element_type=\"widget\" data-widget_type=\"text-editor.default\">\n\t\t\t\t<div class=\"elementor-widget-container\">\n\t\t\t\t\t\t\t\t\t<p style=\"margin-right: 0px; margin-bottom: 28px; margin-left: 0px; color: #444444; font-size: 16px;\">Airbags f\u00fcr Motorr\u00e4der sind in den meisten F\u00e4llen keine fahrzeuggebundenen L\u00f6sungen, sondern werden als Weste direkt am Fahrer getragen. Lediglich die Honda Goldwing wurde 2006 mit einem Airbag auf der Maschine ausgestattet.<\/p><p style=\"margin-right: 0px; margin-bottom: 28px; margin-left: 0px; color: #444444; font-size: 16px;\">Viele andere L\u00f6sungen setzen auf entsprechende Westen, die sich bei einem Unfall aufblasen und den Fahrer so vor Sch\u00e4den sch\u00fctzen sollen. Die \u00e4ltesten L\u00f6sungen sind dabei schon mehr als 15 Jahre alt.<\/p><p style=\"margin-right: 0px; margin-bottom: 28px; margin-left: 0px; color: #444444; font-size: 16px;\">Entsprechende Airbagwesten funktionierten mechanisch und mussten per Rei\u00dfleine am Motorrad befestigt werden. Die Funktionsweise ist dabei ganz einfach:<\/p><ol class=\"wp-block-list\" style=\"list-style-position: inside; margin-right: 0px; margin-bottom: 20px; margin-left: 15px; padding: 0px; color: #444444; font-size: 16px;\"><li style=\"list-style-position: inside; list-style-type: decimal;\">Durch einen Aufprall wird die Rei\u00dfleine ausgel\u00f6st<\/li><li style=\"list-style-position: inside; list-style-type: decimal;\">Die Airbagweste pumpt sich auf<\/li><\/ol><p style=\"margin-right: 0px; margin-bottom: 28px; margin-left: 0px; color: #444444; font-size: 16px;\">Solche mechanischen L\u00f6sungen gibt es auch heute noch. Der gro\u00dfe Vorteil liegt darin, dass sie g\u00fcnstiger sind und trotzdem einen \u00e4u\u00dferst soliden Schutz bieten.<\/p>\t\t\t\t\t\t\t\t<\/div>\n\t\t\t\t<\/div>\n\t\t\t\t\t<\/div>\n\t\t\t\t<\/div>\n\t\t<div class=\"elementor-element elementor-element-bb63ffd e-flex e-con-boxed e-con e-parent\" data-id=\"bb63ffd\" data-element_type=\"container\">\n\t\t\t\t\t<div class=\"e-con-inner\">\n\t\t\t\t<div class=\"elementor-element elementor-element-200b77a elementor-widget elementor-widget-heading\" data-id=\"200b77a\" data-element_type=\"widget\" data-widget_type=\"heading.default\">\n\t\t\t\t<div class=\"elementor-widget-container\">\n\t\t\t\t\t<h2 class=\"elementor-heading-title elementor-size-default\">Mittlerweile befinden sich deutlich schnellere L\u00f6sungen auf dem Markt<\/h2>\t\t\t\t<\/div>\n\t\t\t\t<\/div>\n\t\t\t\t\t<\/div>\n\t\t\t\t<\/div>\n\t\t<div class=\"elementor-element elementor-element-a960946 e-flex e-con-boxed e-con e-parent\" data-id=\"a960946\" data-element_type=\"container\">\n\t\t\t\t\t<div class=\"e-con-inner\">\n\t\t\t\t<div class=\"elementor-element elementor-element-f3794cf elementor-widget elementor-widget-text-editor\" data-id=\"f3794cf\" data-element_type=\"widget\" data-widget_type=\"text-editor.default\">\n\t\t\t\t<div class=\"elementor-widget-container\">\n\t\t\t\t\t\t\t\t\t<p><span style=\"color: #444444; font-size: 16px;\">Die Entwickler entsprechender Airbagsysteme haben in den letzten Jahren allerdings deutliche Fortschritte erzielt. Mittlerweile gibt es Airbag-Westen, die elektronisch innerhalb k\u00fcrzester Zeit einen Aufprall erkennen und sich in 25-30 Millisekunden komplett aufpumpen.<\/span><\/p>\t\t\t\t\t\t\t\t<\/div>\n\t\t\t\t<\/div>\n\t\t\t\t\t<\/div>\n\t\t\t\t<\/div>\n\t\t<div class=\"elementor-element elementor-element-42a00e3 e-flex e-con-boxed e-con e-parent\" data-id=\"42a00e3\" data-element_type=\"container\">\n\t\t\t\t\t<div class=\"e-con-inner\">\n\t\t\t\t<div class=\"elementor-element elementor-element-795f859 elementor-widget elementor-widget-text-editor\" data-id=\"795f859\" data-element_type=\"widget\" data-widget_type=\"text-editor.default\">\n\t\t\t\t<div class=\"elementor-widget-container\">\n\t\t\t\t\t\t\t\t\t<p><span style=\"color: #000000;\"><strong>Achtung:<\/strong> Auch besonders schnelle Airbags sch\u00fctzen den K\u00f6rper nicht zwingend. Es kommt immer drauf an, mit welcher K\u00f6rperregion der Fahrer letztlich aufprallt. Trotzdem k\u00f6nnen Airbagsysteme das Ma\u00df an Sicherheit in vielen F\u00e4llen deutlich erh\u00f6hen.<\/span><\/p>\t\t\t\t\t\t\t\t<\/div>\n\t\t\t\t<\/div>\n\t\t\t\t\t<\/div>\n\t\t\t\t<\/div>\n\t\t<div class=\"elementor-element elementor-element-29e0060 e-flex e-con-boxed e-con e-parent\" data-id=\"29e0060\" data-element_type=\"container\">\n\t\t\t\t\t<div class=\"e-con-inner\">\n\t\t\t\t<div class=\"elementor-element elementor-element-81a8b7e elementor-widget elementor-widget-heading\" data-id=\"81a8b7e\" data-element_type=\"widget\" data-widget_type=\"heading.default\">\n\t\t\t\t<div class=\"elementor-widget-container\">\n\t\t\t\t\t<h2 class=\"elementor-heading-title elementor-size-default\">Wo liegen die Vor- und Nachteile von elektronischen und mechanischen Airbags?<\/h2>\t\t\t\t<\/div>\n\t\t\t\t<\/div>\n\t\t\t\t\t<\/div>\n\t\t\t\t<\/div>\n\t\t<div class=\"elementor-element elementor-element-2554451 e-flex e-con-boxed e-con e-parent\" data-id=\"2554451\" data-element_type=\"container\">\n\t\t\t\t\t<div class=\"e-con-inner\">\n\t\t\t\t<div class=\"elementor-element elementor-element-bce7363 elementor-widget elementor-widget-text-editor\" data-id=\"bce7363\" data-element_type=\"widget\" data-widget_type=\"text-editor.default\">\n\t\t\t\t<div class=\"elementor-widget-container\">\n\t\t\t\t\t\t\t\t\t<p style=\"margin-right: 0px; margin-bottom: 28px; margin-left: 0px; color: #444444; font-size: 16px;\"><strong style=\"font-weight: bold;\">Hier ein \u00dcberblick:<\/strong><\/p><div id=\"tablepress-3_wrapper\" class=\"dataTables_wrapper no-footer\" style=\"clear: both; margin-bottom: 1rem; position: relative; color: #444444; font-size: 16px;\"><table id=\"tablepress-3\" class=\"tablepress tablepress-id-3 dataTable no-footer\" style=\"border-spacing: 0px; --text-color: #111; --head-text-color: var(--text-color); --head-bg-color: #d9edf7; --odd-text-color: var(--text-color); --odd-bg-color: #f9f9f9; --even-text-color: var(--text-color); --even-bg-color: #fff; --hover-text-color: var(--text-color); --hover-bg-color: #f3f3f3; --border-color: #ddd; --padding: 0.5rem; border: none; clear: both; margin-right: auto; margin-bottom: 0px; margin-left: auto; table-layout: auto; width: 770.013px; --head-active-bg-color: #049cdb; --head-active-text-color: var(--head-text-color);\"><thead><tr class=\"row-1 odd\"><th class=\"column-1 sorting\" style=\"box-sizing: initial; padding-right: 20px; background-image: none; background-position: initial; background-size: initial; background-repeat: initial; background-attachment: initial; background-origin: initial; background-clip: initial; border: none; vertical-align: middle; word-break: normal; cursor: pointer; outline: none; position: relative; width: 118.65px; float: none !important;\" tabindex=\"0\" colspan=\"1\" rowspan=\"1\" aria-controls=\"tablepress-3\" aria-label=\": aktivieren, um Spalte aufsteigend zu sortieren\">\u00a0<\/th><th class=\"column-2 sorting\" style=\"box-sizing: initial; padding-right: 20px; background-image: none; background-position: initial; background-size: initial; background-repeat: initial; background-attachment: initial; background-origin: initial; background-clip: initial; border: none; vertical-align: middle; word-break: normal; cursor: pointer; outline: none; position: relative; width: 264.962px; float: none !important;\" tabindex=\"0\" colspan=\"1\" rowspan=\"1\" aria-controls=\"tablepress-3\" aria-label=\"Vorteile: aktivieren, um Spalte aufsteigend zu sortieren\">Vorteile<\/th><th class=\"column-3 sorting\" style=\"box-sizing: initial; padding-right: 20px; background-image: none; background-position: initial; background-size: initial; background-repeat: initial; background-attachment: initial; background-origin: initial; background-clip: initial; border: none; vertical-align: middle; word-break: normal; cursor: pointer; outline: none; position: relative; width: 311.4px; float: none !important;\" tabindex=\"0\" colspan=\"1\" rowspan=\"1\" aria-controls=\"tablepress-3\" aria-label=\"Nachteile: aktivieren, um Spalte aufsteigend zu sortieren\">Nachteile<\/th><\/tr><\/thead><tbody class=\"row-hover\"><tr class=\"row-2 even\"><td class=\"column-1\" style=\"box-sizing: initial; padding: var(--padding); background-image: none; background-position: initial; background-size: initial; background-repeat: initial; background-attachment: initial; background-origin: initial; background-clip: initial; background-color: var(--even-bg-color); border-top: 1px solid var(--border-color); border-right: none; border-bottom: none; border-left: none; border-image: initial; vertical-align: top; color: var(--even-text-color); float: none !important;\">Mechanische Westen<\/td><td class=\"column-2\" style=\"box-sizing: initial; padding: var(--padding); background-image: none; background-position: initial; background-size: initial; background-repeat: initial; background-attachment: initial; background-origin: initial; background-clip: initial; background-color: var(--even-bg-color); border-top: 1px solid var(--border-color); border-right: none; border-bottom: none; border-left: none; border-image: initial; vertical-align: top; color: var(--even-text-color); float: none !important;\">&#8211; Basis-Schutz-Niveau ohne elektronische Hilfsmittel<br \/>&#8211; Niedriger Preis<\/td><td class=\"column-3\" style=\"box-sizing: initial; padding: var(--padding); background-image: none; background-position: initial; background-size: initial; background-repeat: initial; background-attachment: initial; background-origin: initial; background-clip: initial; background-color: var(--even-bg-color); border-top: 1px solid var(--border-color); border-right: none; border-bottom: none; border-left: none; border-image: initial; vertical-align: top; color: var(--even-text-color); float: none !important;\">&#8211; Muss am Motorrad befestigt werden<br \/>-L\u00f6st langsamer aus (100 Millisekunden)<\/td><\/tr><tr class=\"row-3 odd\"><td class=\"column-1\" style=\"box-sizing: initial; padding: var(--padding); background-image: none; background-position: initial; background-size: initial; background-repeat: initial; background-attachment: initial; background-origin: initial; background-clip: initial; background-color: var(--odd-bg-color); border-top: 1px solid var(--border-color); border-right: none; border-bottom: none; border-left: none; border-image: initial; vertical-align: top; color: var(--odd-text-color); float: none !important;\">Elektronische Westen<\/td><td class=\"column-2\" style=\"box-sizing: initial; padding: var(--padding); background-image: none; background-position: initial; background-size: initial; background-repeat: initial; background-attachment: initial; background-origin: initial; background-clip: initial; background-color: var(--odd-bg-color); border-top: 1px solid var(--border-color); border-right: none; border-bottom: none; border-left: none; border-image: initial; vertical-align: top; color: var(--odd-text-color); float: none !important;\">&#8211; Keine Verbindung mit dem Motorrad<br \/>&#8211; L\u00f6st sehr schnell aus (ca. 25 Millisekunden)<\/td><td class=\"column-3\" style=\"box-sizing: initial; padding: var(--padding); background-image: none; background-position: initial; background-size: initial; background-repeat: initial; background-attachment: initial; background-origin: initial; background-clip: initial; background-color: var(--odd-bg-color); border-top: 1px solid var(--border-color); border-right: none; border-bottom: none; border-left: none; border-image: initial; vertical-align: top; color: var(--odd-text-color); float: none !important;\">&#8211; Deutlich teurer<br \/>&#8211; Beim ersten Mal steht oft eine langwierige Erstinstallation an<\/td><\/tr><\/tbody><\/table><\/div><p class=\"has-text-color has-cyan-bluish-gray-color\" style=\"margin-right: 0px; margin-bottom: 28px; margin-left: 0px; font-size: 16px;\">Tabelle 1: Vor und Nachteile von mechanischen vs. elektronische Airbag-Westen<\/p>\t\t\t\t\t\t\t\t<\/div>\n\t\t\t\t<\/div>\n\t\t\t\t\t<\/div>\n\t\t\t\t<\/div>\n\t\t<div class=\"elementor-element elementor-element-d6d71f8 e-flex e-con-boxed e-con e-parent\" data-id=\"d6d71f8\" data-element_type=\"container\">\n\t\t\t\t\t<div class=\"e-con-inner\">\n\t\t\t\t<div class=\"elementor-element elementor-element-7660802 elementor-widget elementor-widget-heading\" data-id=\"7660802\" data-element_type=\"widget\" data-widget_type=\"heading.default\">\n\t\t\t\t<div class=\"elementor-widget-container\">\n\t\t\t\t\t<h2 class=\"elementor-heading-title elementor-size-default\">Airbags in der Motoradkleidung: Heute immer st\u00e4rker verbreitet<\/h2>\t\t\t\t<\/div>\n\t\t\t\t<\/div>\n\t\t\t\t\t<\/div>\n\t\t\t\t<\/div>\n\t\t<div class=\"elementor-element elementor-element-93d5c66 e-flex e-con-boxed e-con e-parent\" data-id=\"93d5c66\" data-element_type=\"container\">\n\t\t\t\t\t<div class=\"e-con-inner\">\n\t\t\t\t<div class=\"elementor-element elementor-element-f3c4782 elementor-widget elementor-widget-text-editor\" data-id=\"f3c4782\" data-element_type=\"widget\" data-widget_type=\"text-editor.default\">\n\t\t\t\t<div class=\"elementor-widget-container\">\n\t\t\t\t\t\t\t\t\t<p style=\"margin-right: 0px; margin-bottom: 28px; margin-left: 0px; color: #444444; font-size: 16px;\">Wer sich heute f\u00fcr seine Touren besonders sch\u00fctzen m\u00f6chte, bekommt heute auch vollwertige\u00a0<a style=\"background: transparent; color: #222222; transition-duration: 0.2s; transition-timing-function: ease; transition-property: all;\" href=\"https:\/\/www.motoin.de\/Bekleidung\/Airbag-Bekleidung:::23_2585.html&amp;refID=163\" target=\"_blank\" rel=\"noopener\"><span style=\"text-decoration: underline; color: #333333;\">Airbag-Bekleidung<\/span><\/a>. Entsprechende Jacken funktionieren dabei folgenderma\u00dfen:<\/p><ul class=\"wp-block-list\" style=\"list-style-position: inside; margin-right: 0px; margin-bottom: 20px; margin-left: 15px; padding: 0px; color: #444444; font-size: 16px;\"><li style=\"list-style-position: inside; list-style-type: square;\"><strong style=\"font-weight: bold;\">Sensoren sorgen f\u00fcr eine \u00dcberwachung<\/strong><\/li><\/ul><p style=\"margin-right: 0px; margin-bottom: 28px; margin-left: 0px; color: #444444; font-size: 16px;\">Die Sensoren \u00fcberwachen die Bewegungen und checken per Algorithmus, ob eine Ausl\u00f6sung des Airbags erforderlich ist.<\/p><ul class=\"wp-block-list\" style=\"list-style-position: inside; margin-right: 0px; margin-bottom: 20px; margin-left: 15px; padding: 0px; color: #444444; font-size: 16px;\"><li style=\"list-style-position: inside; list-style-type: square;\"><strong style=\"font-weight: bold;\">Bei Ausl\u00f6sung pumpt sich der Airbag auf<\/strong><\/li><\/ul><p style=\"margin-right: 0px; margin-bottom: 28px; margin-left: 0px; color: #444444; font-size: 16px;\">Die Ausl\u00f6sung des Airbags erfolgt bei verschiedenen Sturzarten. Dar\u00fcber hinaus versuchen die Algorithmen bekannter Hersteller, unn\u00f6tige Ausl\u00f6sungen zu vermeiden.<\/p><p style=\"margin-right: 0px; margin-bottom: 28px; margin-left: 0px; color: #444444; font-size: 16px;\">Mittlerweile existieren sogar L\u00f6sungen, bei denen die Sensoren im R\u00fcckenprotektor integriert sind. Auf diese Weise wird die Erstinstallation deutlich unkomplizierter. Entsprechende Jacken haben zwar ihren Preis, bieten letztlich jedoch auch ein hohes Schutzniveau.<\/p>\t\t\t\t\t\t\t\t<\/div>\n\t\t\t\t<\/div>\n\t\t\t\t\t<\/div>\n\t\t\t\t<\/div>\n\t\t<div class=\"elementor-element elementor-element-975c5be e-flex e-con-boxed e-con e-parent\" data-id=\"975c5be\" data-element_type=\"container\">\n\t\t\t\t\t<div class=\"e-con-inner\">\n\t\t\t\t<div class=\"elementor-element elementor-element-fa42693 elementor-widget elementor-widget-image\" data-id=\"fa42693\" data-element_type=\"widget\" data-widget_type=\"image.default\">\n\t\t\t\t<div class=\"elementor-widget-container\">\n\t\t\t\t\t\t\t\t\t\t\t\t\t\t\t<img decoding=\"async\" width=\"640\" height=\"274\" src=\"https:\/\/www.motoin.de\/magazin\/wp-content\/uploads\/2020\/02\/zTHE_AIRBAG_SYSTEM_70x100_BANNER-1536x880-1-1024x439.png\" class=\"attachment-large size-large wp-image-386\" alt=\"Motorrad Airbag \u00a9Dainese\" srcset=\"https:\/\/www.motoin.de\/magazin\/wp-content\/uploads\/2020\/02\/zTHE_AIRBAG_SYSTEM_70x100_BANNER-1536x880-1-1024x439.png 1024w, https:\/\/www.motoin.de\/magazin\/wp-content\/uploads\/2020\/02\/zTHE_AIRBAG_SYSTEM_70x100_BANNER-1536x880-1-300x129.png 300w, https:\/\/www.motoin.de\/magazin\/wp-content\/uploads\/2020\/02\/zTHE_AIRBAG_SYSTEM_70x100_BANNER-1536x880-1-768x329.png 768w, https:\/\/www.motoin.de\/magazin\/wp-content\/uploads\/2020\/02\/zTHE_AIRBAG_SYSTEM_70x100_BANNER-1536x880-1.png 1200w\" sizes=\"(max-width: 640px) 100vw, 640px\" \/>\t\t\t\t\t\t\t\t\t\t\t\t\t\t\t<\/div>\n\t\t\t\t<\/div>\n\t\t\t\t\t<\/div>\n\t\t\t\t<\/div>\n\t\t<div class=\"elementor-element elementor-element-39d803a e-flex e-con-boxed e-con e-parent\" data-id=\"39d803a\" data-element_type=\"container\">\n\t\t\t\t\t<div class=\"e-con-inner\">\n\t\t\t\t<div class=\"elementor-element elementor-element-0f2535e elementor-widget elementor-widget-heading\" data-id=\"0f2535e\" data-element_type=\"widget\" data-widget_type=\"heading.default\">\n\t\t\t\t<div class=\"elementor-widget-container\">\n\t\t\t\t\t<h2 class=\"elementor-heading-title elementor-size-default\">Welche Hersteller bieten Airbag-Bekleidung f\u00fcr Motorr\u00e4der an?<\/h2>\t\t\t\t<\/div>\n\t\t\t\t<\/div>\n\t\t\t\t\t<\/div>\n\t\t\t\t<\/div>\n\t\t<div class=\"elementor-element elementor-element-9fe5935 e-flex e-con-boxed e-con e-parent\" data-id=\"9fe5935\" data-element_type=\"container\">\n\t\t\t\t\t<div class=\"e-con-inner\">\n\t\t\t\t<div class=\"elementor-element elementor-element-d83b0e9 elementor-widget elementor-widget-text-editor\" data-id=\"d83b0e9\" data-element_type=\"widget\" data-widget_type=\"text-editor.default\">\n\t\t\t\t<div class=\"elementor-widget-container\">\n\t\t\t\t\t\t\t\t\t<p style=\"margin-right: 0px; margin-bottom: 28px; margin-left: 0px; color: #444444; font-size: 16px;\">Mittlerweile existiert eine ganze Reihe von Herstellern, die entsprechende Airbag-Bekleidung fertigen. Dazu geh\u00f6ren:<\/p><ul class=\"wp-block-list\" style=\"list-style-position: inside; margin-right: 0px; margin-bottom: 20px; margin-left: 15px; padding: 0px; color: #444444; font-size: 16px;\"><li style=\"list-style-position: inside; list-style-type: square;\"><strong style=\"font-weight: bold;\">Ixon<\/strong><\/li><\/ul><p style=\"margin-right: 0px; margin-bottom: 28px; margin-left: 0px; color: #444444; font-size: 16px;\">Die\u00a0<span style=\"text-decoration: underline; color: #333333;\"><a style=\"background: transparent; color: #333333; transition-duration: 0.2s; transition-timing-function: ease; transition-property: all; text-decoration: underline;\" href=\"https:\/\/www.motoin.de\/Bekleidung\/Jacken\/Westen\/Ixon-IX-Airbag-U03-Airbagweste::59016.html?language=de&amp;refID=163\" target=\"_blank\" rel=\"noopener\">Ixon Airbagweste IX-Airbag U03<\/a><\/span>\u00a0ist ein elektronischer, intelligenter Airbag, der unter jede Jacke passt. Das Sicherheitssystem wird innerhalb von nur 33MS augel\u00f6st \u2013 und das ohne Kabel oder Sensoren. Diese Unabh\u00e4ngigkeit \u2013 die Kombination aus universell einsetzbar ohne Verkabelung \u2013 ist es, die Motorradfahrer sch\u00e4tzen. Zudem ist sie bequem zu Tragen: Mit nur 1,3 Kilo ist sie ein echtes Leichtgewicht.<\/p><ul class=\"wp-block-list\" style=\"list-style-position: inside; margin-right: 0px; margin-bottom: 20px; margin-left: 15px; padding: 0px; color: #444444; font-size: 16px;\"><li style=\"list-style-position: inside; list-style-type: square;\"><strong style=\"font-weight: bold;\">Dainese<\/strong><\/li><\/ul><p style=\"margin-right: 0px; margin-bottom: 28px; margin-left: 0px; color: #444444; font-size: 16px;\">Dainese ist ein italienischer Hersteller von Motorradkleidung und gilt gerade bei Airbag-Systemen als Pionier. Die elektronischen Airbags gelten als \u00e4u\u00dferst hochwertig und k\u00f6nnen oft auch ohne langwierige Installation genutzt werden. Ob nun\u00a0<a style=\"background: transparent; color: #222222; transition-duration: 0.2s; transition-timing-function: ease; transition-property: all;\" href=\"https:\/\/www.motoin.de\/Bekleidung\/Jacken\/Lederjacken\/Dainese-D-Air-Misano-Lederjacke::46943.html&amp;refID=163\" target=\"_blank\" rel=\"noopener\">D<span style=\"text-decoration: underline;\">ainese Misano D-Air<\/span><\/a>,\u00a0<span style=\"text-decoration: underline;\"><a style=\"background: transparent; color: #222222; transition-duration: 0.2s; transition-timing-function: ease; transition-property: all; text-decoration: underline;\" href=\"https:\/\/www.motoin.de\/Bekleidung\/Jacken\/Textiljacken\/Dainese-D-Air-Cyclone-Textiljacke-Gore-Tex::46944.html&amp;refID=163\" target=\"_blank\" rel=\"noopener\">Dainese Cyclone D-Air<\/a><\/span>\u00a0oder\u00a0<span style=\"text-decoration: underline;\"><a style=\"background: transparent; color: #222222; transition-duration: 0.2s; transition-timing-function: ease; transition-property: all; text-decoration: underline;\" href=\"https:\/\/www.motoin.de\/Bekleidung\/Jacken\/Lederjacken\/Dainese-Racing-3-D-Air-Lederjacke-perforiert::53841.html&amp;refID=163\" target=\"_blank\" rel=\"noopener\">Dainese Racing 3 D-Air<\/a><\/span>\u00a0\u2013 hier wartet Motorradkleidung f\u00fcr h\u00f6chste Anspr\u00fcche.<\/p><ul class=\"wp-block-list\" style=\"list-style-position: inside; margin-right: 0px; margin-bottom: 20px; margin-left: 15px; padding: 0px; color: #444444; font-size: 16px;\"><li style=\"list-style-position: inside; list-style-type: square;\"><strong style=\"font-weight: bold;\">Alpinestars<\/strong><\/li><\/ul><p style=\"margin-right: 0px; margin-bottom: 28px; margin-left: 0px; color: #444444; font-size: 16px;\">Der zweite gro\u00dfe Player in diesem Bereich ist der italienische Hersteller Alpinestars. Im Unterschied zu Dainese werden hier Airbagweste und Jacke getrennt voneinander angeboten. Die Westen mit der\u00a0<span style=\"text-decoration: underline;\"><a style=\"background: transparent; color: #222222; transition-duration: 0.2s; transition-timing-function: ease; transition-property: all; text-decoration: underline;\" href=\"https:\/\/www.motoin.de\/Bekleidung\/Airbag-Bekleidung\/Alpinestars-Tech-Air-Race-Evo-Airbagweste::56267.html&amp;refID=163\" target=\"_blank\" rel=\"noopener\">Tech-Air Race Evo<\/a><\/span>\u00a0und der\u00a0<span style=\"text-decoration: underline;\"><a style=\"background: transparent; color: #222222; transition-duration: 0.2s; transition-timing-function: ease; transition-property: all; text-decoration: underline;\" href=\"https:\/\/www.motoin.de\/Bekleidung\/Airbag-Bekleidung\/Alpinestars-Tech-Air-Street-Evo-Airbagweste::56266.html&amp;refID=163\" target=\"_blank\" rel=\"noopener\">Tech-Air Street Evo<\/a><\/span>\u00a0bieten trotzdem einen hochwertigen Schutz.<\/p><ul class=\"wp-block-list\" style=\"list-style-position: inside; margin-right: 0px; margin-bottom: 20px; margin-left: 15px; padding: 0px; color: #444444; font-size: 16px;\"><li style=\"list-style-position: inside; list-style-type: square;\"><strong style=\"font-weight: bold;\">Held<\/strong><\/li><\/ul><p style=\"margin-right: 0px; margin-bottom: 28px; margin-left: 0px; color: #444444; font-size: 16px;\">Held galt einst als Spezialist f\u00fcr Motorradhandschuhe, bietet mittlerweile jedoch auch hochwertige Airbag-Westen an. Dabei setzte der Hersteller lange Zeit ausschlie\u00dflich mechanisch ausgel\u00f6ste Airbags ein. Mit der\u00a0<span style=\"text-decoration: underline;\"><a style=\"background: transparent; color: #222222; transition-duration: 0.2s; transition-timing-function: ease; transition-property: all; text-decoration: underline;\" href=\"https:\/\/www.motoin.de\/Bekleidung\/Jacken\/Westen\/Held-eVest-Clip-In-Airbagweste::58684.html?language=de&amp;refID=163\" target=\"_blank\" rel=\"noopener\">Held eVest Clip In<\/a><\/span>\u00a0gibt es jetzt aber auch eine unkomplizierte elektronische L\u00f6sung.<\/p><p style=\"margin-right: 0px; margin-bottom: 28px; margin-left: 0px; color: #444444; font-size: 16px;\">Diese Beispiele zeigen sehr eindrucksvoll, dass sich im Bereich der Airbagsysteme f\u00fcr Motorr\u00e4der in den letzten Jahren sehr viel getan hat. Die L\u00f6sungen werden auch vom Installationsaufwand her immer unkomplizierter und bieten stetig mehr Komfort.<\/p>\t\t\t\t\t\t\t\t<\/div>\n\t\t\t\t<\/div>\n\t\t\t\t\t<\/div>\n\t\t\t\t<\/div>\n\t\t<div class=\"elementor-element elementor-element-f0f7876 e-flex e-con-boxed e-con e-parent\" data-id=\"f0f7876\" data-element_type=\"container\">\n\t\t\t\t\t<div class=\"e-con-inner\">\n\t\t\t\t<div class=\"elementor-element elementor-element-b90c5d2 elementor-widget elementor-widget-heading\" data-id=\"b90c5d2\" data-element_type=\"widget\" data-widget_type=\"heading.default\">\n\t\t\t\t<div class=\"elementor-widget-container\">\n\t\t\t\t\t<h2 class=\"elementor-heading-title elementor-size-default\">Mit Airbagsystemen die eigene Sicherheit deutlich erh\u00f6hen<\/h2>\t\t\t\t<\/div>\n\t\t\t\t<\/div>\n\t\t\t\t\t<\/div>\n\t\t\t\t<\/div>\n\t\t<div class=\"elementor-element elementor-element-e0486b5 e-flex e-con-boxed e-con e-parent\" data-id=\"e0486b5\" data-element_type=\"container\">\n\t\t\t\t\t<div class=\"e-con-inner\">\n\t\t\t\t<div class=\"elementor-element elementor-element-6399f87 elementor-widget elementor-widget-text-editor\" data-id=\"6399f87\" data-element_type=\"widget\" data-widget_type=\"text-editor.default\">\n\t\t\t\t<div class=\"elementor-widget-container\">\n\t\t\t\t\t\t\t\t\t<p style=\"margin-right: 0px; margin-bottom: 28px; margin-left: 0px; color: #444444; font-size: 16px;\">Die Sicherheit ist und bleibt ein leidiges Thema f\u00fcr Motorradfahrer. Aufgrund der fehlenden Knautschzone haben Unf\u00e4lle oft eine deutlich schlimmere Auswirkung als im Auto. Somit ist es nicht verwunderlich, dass fast jeder Motorradfahrer auf entsprechende Schutzkleidung setzt. Neben Protektoren und stabiler Kleidung l\u00e4sst sich heute jedoch auch \u00fcber Airbagsysteme der Schutz vor Verletzungen erheblich verbessern.<\/p><p style=\"margin-right: 0px; margin-bottom: 28px; margin-left: 0px; color: #444444; font-size: 16px;\">Die mechanischen Modelle mit einer Rei\u00dfleine werden heute mehr und mehr von elektronischen L\u00f6sungen verdr\u00e4ngt, die deutlich komfortabler sind und zudem schneller reagieren. Entsprechende Airbag-Bekleidung hat zwar durchaus ihren Preis. Doch letztlich sollte jeder Motorradfan \u00fcberlegen, ob ihm seine Gesundheit eine h\u00f6here Ausgabe wert ist.<\/p>\t\t\t\t\t\t\t\t<\/div>\n\t\t\t\t<\/div>\n\t\t\t\t\t<\/div>\n\t\t\t\t<\/div>\n\t\t\t\t<\/div>\n\t\t","protected":false},"excerpt":{"rendered":"<p>Inhaltsverzeichnis Eine Tour auf dem eigenen Bike ist f\u00fcr viele Motorradfreunde eine der gr\u00f6\u00dften Freuden &#8211; Airbagsysteme k\u00f6nnen hier f\u00fcr mehr Sicherheit sorgen. Denn Motorradfahrer unterliegen einer deutlich h\u00f6heren Verletzungsgefahr bei Unf\u00e4llen. Aus diesem Grund forschen Hersteller von Motorr\u00e4dern und Equipment schon seit Jahren an M\u00f6glichkeiten, die potenziellen Verletzungen nach Unf\u00e4llen zu minimieren. Neben Protektoren [&hellip;]<\/p>\n","protected":false},"author":2,"featured_media":382,"comment_status":"open","ping_status":"open","sticky":false,"template":"","format":"standard","meta":{"footnotes":""},"categories":[5],"tags":[1109,213,206,245],"class_list":["post-381","post","type-post","status-publish","format-standard","has-post-thumbnail","hentry","category-service","tag-howto","tag-motorrad-airbag","tag-motorradbekleidung","tag-ratgeber"],"_links":{"self":[{"href":"https:\/\/www.motoin.de\/magazin\/wp-json\/wp\/v2\/posts\/381","targetHints":{"allow":["GET"]}}],"collection":[{"href":"https:\/\/www.motoin.de\/magazin\/wp-json\/wp\/v2\/posts"}],"about":[{"href":"https:\/\/www.motoin.de\/magazin\/wp-json\/wp\/v2\/types\/post"}],"author":[{"embeddable":true,"href":"https:\/\/www.motoin.de\/magazin\/wp-json\/wp\/v2\/users\/2"}],"replies":[{"embeddable":true,"href":"https:\/\/www.motoin.de\/magazin\/wp-json\/wp\/v2\/comments?post=381"}],"version-history":[{"count":22,"href":"https:\/\/www.motoin.de\/magazin\/wp-json\/wp\/v2\/posts\/381\/revisions"}],"predecessor-version":[{"id":10291,"href":"https:\/\/www.motoin.de\/magazin\/wp-json\/wp\/v2\/posts\/381\/revisions\/10291"}],"wp:featuredmedia":[{"embeddable":true,"href":"https:\/\/www.motoin.de\/magazin\/wp-json\/wp\/v2\/media\/382"}],"wp:attachment":[{"href":"https:\/\/www.motoin.de\/magazin\/wp-json\/wp\/v2\/media?parent=381"}],"wp:term":[{"taxonomy":"category","embeddable":true,"href":"https:\/\/www.motoin.de\/magazin\/wp-json\/wp\/v2\/categories?post=381"},{"taxonomy":"post_tag","embeddable":true,"href":"https:\/\/www.motoin.de\/magazin\/wp-json\/wp\/v2\/tags?post=381"}],"curies":[{"name":"wp","href":"https:\/\/api.w.org\/{rel}","templated":true}]}}